{"id":752,"date":"2017-11-11T21:09:25","date_gmt":"2017-11-11T20:09:25","guid":{"rendered":"http:\/\/pureux.org\/?p=752"},"modified":"2019-10-21T15:03:11","modified_gmt":"2019-10-21T13:03:11","slug":"compte-rendu-de-notre-a-g-du-19-octobre-2017","status":"publish","type":"post","link":"https:\/\/pureux.org\/index.php\/2017\/11\/11\/compte-rendu-de-notre-a-g-du-19-octobre-2017\/","title":{"rendered":"Notre Assembl\u00e9e G\u00e9n\u00e9rale du 19 octobre 2017"},"content":{"rendered":"<h2 class=\"western\" align=\"justify\">\u00a0\u00a0\u00a0\u00a0\u00a0\u00a0\u00a0\u00a0\u00a0\u00a0\u00a0\u00a0\u00a0\u00a0\u00a0\u00a0\u00a0\u00a0\u00a0\u00a0\u00a0\u00a0\u00a0\u00a0\u00a0\u00a0\u00a0\u00a0\u00a0\u00a0\u00a0\u00a0\u00a0\u00a0\u00a0\u00a0\u00a0\u00a0\u00a0\u00a0\u00a0\u00a0\u00a0\u00a0\u00a0\u00a0\u00a0\u00a0\u00a0\u00a0\u00a0\u00a0\u00a0 <span style=\"color: #008000;\">Le bilan g\u00e9n\u00e9ral et en particulier le bilan d&#8217;activit\u00e9s nous sont d\u00e9taill\u00e9s par <strong>notre pr\u00e9sident<\/strong> <\/span><\/h2>\n<ol>\n<li>\n<h3 align=\"justify\"><span style=\"color: #ff6600;\"><b>Remerciements et excuses<\/b><\/span><\/h3>\n<\/li>\n<\/ol>\n<h3 align=\"justify\"><span style=\"color: #333300;\">Je vous transmets les excuses de M. le Maire, de Mme Lasseron qui rempla\u00e7ait l\u2019an dernier Mme Houseau aux fonctions de directrice de l\u2019\u00e9cole de Belleforri\u00e8re.<\/span><\/h3>\n<h3 align=\"justify\"><span style=\"color: #333300;\"><a name=\"_GoBack\"><\/a> Je vous remercie tous de votre pr\u00e9sence, bien \u00e9videmment, et suis heureux de constater que notre auditoire s\u2019est \u00e9largi depuis quelques ann\u00e9es. Je remarque avec satisfaction la pr\u00e9sence d\u2019une importante d\u00e9l\u00e9gation municipale et des repr\u00e9sentants des \u00e9coles. Pour la premi\u00e8re fois, nous avons \u00e9galement le plaisir d\u2019accueillir une d\u00e9l\u00e9gation d\u2019enfants.Je veux \u00e9galement citer tous les Pureux, CACPtistes, et b\u00e9n\u00e9voles, amis, qui n\u2019ont pas m\u00e9nag\u00e9 leur peine pour certains, ont apport\u00e9 une aide r\u00e9guli\u00e8re ou ponctuelle dans les nombreuses activit\u00e9s dont je vais vous parler maintenant.<\/span><\/h3>\n<h3 align=\"justify\"><span style=\"color: #333300;\">Je ne dois pas oublier bien \u00e9videmment et associer M. le Maire, la municipalit\u00e9 et ses services techniques qui nous r\u00e9servent chaque ann\u00e9e un accueil et un accompagnement sans faille.<\/span><\/h3>\n<ol start=\"2\">\n<li>\n<h3 align=\"justify\"><b><span style=\"color: #ff6600;\">L\u2019ann\u00e9e 2016 \u2013 2017\u00a0<\/span>:<\/b><\/h3>\n<\/li>\n<\/ol>\n<h3 align=\"justify\"><span style=\"color: #333300;\">Cette ann\u00e9e a \u00e9t\u00e9 tr\u00e8s riche en manifestations et activit\u00e9s. Je ne peux pas ne pas commencer par redire la devise des Pureux\u00a0: \u00ab\u00a0M\u00ealer les hommes, c\u2019est l\u2019avenir de l\u2019homme\u00a0!\u00a0\u00bb, et le bilan qui suit est tr\u00e8s \u00e9vocateur quant \u00e0 la philosophie que nous poursuivons avec acharnement depuis bient\u00f4t 30 ans, et qui prend malheureusement de plus en plus de sens \u00e0 mesure que les crises, les violences, les rejets de tout poil, directs ou insidieux, se dessinent et se d\u00e9veloppent tant dans notre pays que sur toute la surface de la terre. Restons r\u00e9solument unis, tissons inlassablement des liens plus forts que les haines que d\u2019autres voudraient bien \u00e9riger en syst\u00e8me de pens\u00e9e universelle.<\/span><\/h3>\n<h3 align=\"justify\"><span style=\"color: #0000ff;\"><b>La f\u00eate <\/b><\/span><span style=\"color: #333300;\">s\u2019est d\u00e9roul\u00e9e du 28 au 30 avril. Les travaux au ch\u00e2teau \u00e9tant termin\u00e9s, nous avons pu retrouver avec bonheur notre espace habituel dans la cour de la ferme. Le succ\u00e8s ne s\u2019est pas d\u00e9menti, et nous avons eu une fr\u00e9quentation exceptionnelle, malgr\u00e9 l\u2019organisation simultan\u00e9e de deux autres manifestations d\u2019importance dans la commune. Ce fut un succ\u00e8s sur toute la ligne gr\u00e2ce \u00e0 l\u2019investissement des membres du CACP et de nombreux b\u00e9n\u00e9voles, dont certains venaient directement du Cameroun !<\/span><\/h3>\n<h3 align=\"justify\"><span style=\"color: #333300;\">Le d\u00e9roulement a \u00e9t\u00e9 tr\u00e8s traditionnel, et je ne reviendrai pas sur les d\u00e9tails. Mais nous avons eu cette ann\u00e9e en plus, la marche gueularde r\u00e9alis\u00e9e en partenariat avec l\u2019Amicale La\u00efque et son club de marche.<\/span><\/h3>\n<h3 align=\"justify\"><span style=\"color: #333300;\">La f\u00eate de la Fraternit\u00e9 a encore \u00e9t\u00e9 un beau succ\u00e8s, ainsi que la soir\u00e9e du samedi. L\u2019ap\u00e9ro et le repas ont rassembl\u00e9 autant de monde que l\u2019an dernier. Le combat contre le dragon, tr\u00e8s suivi, a r\u00e9joui les enfants et leurs parents, les danses ont comme toujours \u00e9t\u00e9 tr\u00e8s applaudies et le th\u00e9\u00e2tre jou\u00e9 pour la premi\u00e8re fois dans la nouvelle salle, a toujours attir\u00e9 autant de monde. Les conditions \u00e9taient optimales pour les acteurs comme pour les spectateurs.<\/span><\/h3>\n<h3 align=\"justify\"><span style=\"color: #333300;\">Notre tr\u00e9sorier vous a d\u00e9taill\u00e9 ici les cons\u00e9quences financi\u00e8res b\u00e9n\u00e9fiques de ce succ\u00e8s<\/span>\u00a0 :\u00a0\u00a0\u00a0\u00a0 <a href=\"https:\/\/pureux.org\/wp-content\/uploads\/2017\/11\/bilan-financier-CACP-2016-2017.odt\">Bilan financier du Cacp 2016-2017<\/a><\/h3>\n<h3 align=\"justify\"><\/h3>\n<ol start=\"3\">\n<li>\n<h3 align=\"justify\"><b><span style=\"color: #ff6600;\">Actions dans les \u00e9coles<\/span>\u00a0:<\/b><\/h3>\n<\/li>\n<\/ol>\n<h3 class=\"western\" align=\"justify\"><span style=\"color: #333300;\">Nous avons poursuivi cette ann\u00e9e l\u2019action en direction de l\u2019\u00e9cole de Belleforri\u00e8re. Nous l\u2019avons m\u00eame d\u00e9velopp\u00e9e en cr\u00e9ant un atelier de travail manuel autour de la r\u00e9alisation de l\u2019\u00e9quipement du parfait combattant contre le dragon. Tous nos remerciements \u00e0 Mme Houseaux, Mme Lasseron, rempla\u00e7ante, et l\u2019APE, en particulier \u00e0 sa pr\u00e9sidente, M\u00e9ry\u00e8me Dubois, qui toutes nous ont r\u00e9serv\u00e9 tout au long de ces activit\u00e9s, aide et accueil chaleureux<\/span><\/h3>\n<h3 class=\"western\" align=\"justify\"><span style=\"color: #333300;\">Nous avons \u00e9galement particip\u00e9 \u00e0 la f\u00eate des \u00e9coles. Un nouvel ambassadeur a \u00e9t\u00e9 tir\u00e9 au sort parmi les volontaires.<\/span><\/h3>\n<h3 class=\"western\" align=\"justify\"><span style=\"color: #333300;\">Nous avons eu moins de succ\u00e8s cette ann\u00e9e \u00e0 l\u2019\u00e9cole du centre, m\u00eame si les relations avec M. Randour et Mme Mosio, pr\u00e9sidente de l\u2019APE ont toujours \u00e9t\u00e9 emprunts de sympathie r\u00e9ciproque et de d\u00e9sir d\u2019entr\u2019aide mutuelle. Nous avons quand m\u00eame men\u00e9 l\u2019op\u00e9ration \u00ab\u00a0Fraternit\u00e9\u00a0\u00bb. Nous ne d\u00e9sesp\u00e9rons pas de mettre en place quelque \u00e9v\u00e8nement ou activit\u00e9 cette ann\u00e9e. Bienvenue \u00e0 M. Olivier Guiffard, nouveau directeur, qui nous fait l\u2019honneur de sa pr\u00e9sence ce soir.<\/span><\/h3>\n<ol start=\"4\">\n<li>\n<h3 align=\"justify\"><b><span style=\"color: #ff6600;\">Projet \u00e9cole des mines<\/span>\u00a0<span style=\"color: #ff6600;\">:<\/span><\/b><\/h3>\n<\/li>\n<\/ol>\n<h3 align=\"justify\"><span style=\"color: #333300;\">Nous avons eu la chance qu\u2019un groupe d\u2019\u00e9tudiants de premi\u00e8re ann\u00e9e de l\u2019\u00e9cole des mines s\u2019int\u00e9resse au projet que j\u2019avais pr\u00e9sent\u00e9 en s\u00e9ance pl\u00e9ni\u00e8re en septembre 2016.<\/span><\/h3>\n<h3 align=\"justify\"><span style=\"color: #333300;\">Ce projet \u00e9tait articul\u00e9 en 4 points\u00a0:<\/span><\/h3>\n<ul>\n<li>\n<h3 align=\"justify\"><span style=\"color: #333300;\">R\u00e9vision et d\u00e9veloppement de Colas, notre robot partiel.<\/span><\/h3>\n<\/li>\n<li>\n<h3 align=\"justify\"><span style=\"color: #333300;\">Etude et plans d\u2019une structure en osier pour le grand g\u00e9ant, beaucoup l\u00e9g\u00e8re que l\u2019actuelle. Cette \u00e9tude a \u00e9t\u00e9 r\u00e9alis\u00e9e sur ordinateur. Ne reste plus qu\u2019\u00e0 b\u00e2tir.<\/span><\/h3>\n<\/li>\n<li>\n<h3 align=\"justify\"><span style=\"color: #333300;\">Cr\u00e9ation du site des Pureux. Seul ce projet a vraiment abouti<\/span><\/h3>\n<\/li>\n<li>\n<h3 align=\"justify\"><span style=\"color: #333300;\">\u00ab\u00a0Chtikip\u00e9dia\u00a0\u00bb.\u00a0: cr\u00e9ation d\u2019un dictionnaire interactif \u00ab\u00a0fran\u00e7ais\u00a0\u00bb \u00ab\u00a0patois\u00a0\u00bb. Ce sujet n\u2019a pas \u00e9t\u00e9 trait\u00e9.<\/span><\/h3>\n<\/li>\n<\/ul>\n<ol start=\"5\">\n<li>\n<h3 align=\"left\"><span style=\"color: #ff6600;\"><b>Les diff\u00e9rents groupes partenaires\u00a0et les commissions :<\/b><\/span><\/h3>\n<p>&nbsp;<\/p>\n<h3 align=\"left\"><span style=\"color: #ff6600;\"><b><\/b><span style=\"color: #333300;\"><em>D&#8217;apr\u00e8s chaque responsable des groupes divers et commissions, l&#8217;ann\u00e9e a \u00e9t\u00e9 riche et toujours en mouvement \u00a0 \u00a0<\/em><b> \u00a0\u00a0\u00a0\u00a0<\/b><\/span><\/span><\/h3>\n<\/li>\n<\/ol>\n<ul>\n<li>\n<h3 align=\"justify\"><span style=\"color: #333300;\">Het bandje<\/span><\/h3>\n<\/li>\n<li>\n<h3 align=\"justify\"><span style=\"color: #333300;\">Les Archelles<\/span><\/h3>\n<\/li>\n<li>\n<h3 align=\"justify\"><span style=\"color: #333300;\">La marche gueularde<\/span><\/h3>\n<\/li>\n<li>\n<h3 align=\"justify\"><span style=\"color: #333300;\">Le th\u00e9\u00e2tre<\/span><\/h3>\n<\/li>\n<li>\n<h3 align=\"justify\"><span style=\"color: #333300;\">Les ateliers scolaires<\/span><\/h3>\n<\/li>\n<li>\n<h3 align=\"justify\"><span style=\"color: #333300;\">Le site<\/span><\/h3>\n<\/li>\n<li>\n<h3 align=\"justify\"><span style=\"color: #333300;\">Robot Colas<\/span><\/h3>\n<\/li>\n<li>\n<h3 align=\"justify\"><span style=\"color: #333300;\">Les Pureux\u00a0: Ils ont accueilli un nouveau membre dans leur rang. Cela fait toujours plaisir de voir la Compagnie s\u2019agrandir de nouveaux Compagnons de qualit\u00e9.<\/span><\/h3>\n<\/li>\n<\/ul>\n<ol start=\"6\">\n<li>\n<h3 align=\"justify\"><span style=\"color: #ff6600;\"><b>L\u2019avenir :<br \/>\n<\/b><\/span><\/h3>\n<\/li>\n<\/ol>\n<ul>\n<li>\n<h3 align=\"justify\"><span style=\"color: #333300;\">Les projets sont encore nombreux. Nous allons essayer de reconduire toutes ces actions d\u2019une part, et tenter de mettre en \u0153uvre celles qui n\u2019ont pas abouti d\u2019autre part. Le prochain \u00e9v\u00e8nement d\u2019importance sera la plantation dans la commune d\u2019un arbre de la fraternit\u00e9, \u00e9v\u00e8nement auquel nous allons essayer d\u2019associer une fois encore les enfants des \u00e9coles.<\/span><\/h3>\n<\/li>\n<li>\n<h3 align=\"justify\"><span style=\"color: #333300;\">Nous avons d\u00e9j\u00e0 en ligne de mire notre 30<sup>\u00e8me<\/sup> anniversaire et essayons de pr\u00e9parer d\u00e8s maintenant cet anniversaire.<\/span><\/h3>\n<\/li>\n<li>\n<h3 align=\"justify\"><span style=\"color: #333300;\">Mais nous vieillissons, ne nous cachons pas la r\u00e9alit\u00e9. J\u2019ai repris la main l\u2019an dernier par manque de candidature au poste de pr\u00e9sident du CACP. J\u2019esp\u00e8re \u00eatre remplac\u00e9 cette ann\u00e9e puisque je m\u2019\u00e9tais engag\u00e9 pour un an. Toute association, tout groupe qui a \u00e0 sa t\u00eate un \u00e9l\u00e9ment inamovible est vou\u00e9 \u00e0 une mort certaine. Je tire l\u2019alarme depuis tant d\u2019ann\u00e9es. Personne ne doit \u00eatre indispensable.<\/span><\/h3>\n<\/li>\n<li>\n<h3 align=\"justify\"><span style=\"color: #333300;\">Cette ann\u00e9e, la Compagnie des Pureux a re\u00e7u deux demandes d\u2019entr\u00e9e dans la Compagnie. Il s\u2019agit de deux jeunes filles. Elles sont jeunes, ce sont des filles, gageons qu\u2019elles poursuivront leur engagement jusqu\u2019au bout. Puissent-elles \u00eatre le signe d\u2019un renouveau, d\u2019une nouvelle dynamique, puissent-elles ouvrir le chemin \u00e0 d\u2019autres engagements de jeunes \u2026 ou de moins jeunes.<\/span><\/h3>\n<\/li>\n<li>\n<h3 align=\"justify\"><span style=\"color: #333300;\">Cela me permet d\u2019esp\u00e9rer raisonnablement que cette f\u00eate du 30<sup>\u00e8me<\/sup> anniversaire qui aura lieu dans 18 mois ne soit pas aussi un enterrement de premi\u00e8re classe.<\/span><\/h3>\n<\/li>\n<li>\n<h3 align=\"justify\"><span style=\"color: #333300;\">Je ne terminerai pas sans vous parler du nouveau projet que je propose aux Pureux, mais qu\u2019il serait peut-\u00eatre bon d\u2019\u00e9tendre au CACP, et \u00e0 toute personne de bonne volont\u00e9\u00a0: le projet des \u00ab\u00a0Pertinents, blancs, noirs, verts ou rouges \u00bb. Nous avons des difficult\u00e9s \u00e0 cerner ce travail d\u2019accompagnement, d\u2019aide aux personnes qui rencontrent des probl\u00e8mes momentan\u00e9s ou r\u00e9currents, qui souffrent d\u2019isolement. Mais la r\u00e9flexion avance. Il s\u2019agit encore et toujours de cr\u00e9er des liens, et de mettre en relation. Ce projet est \u00e0 l\u2019\u00e9tat d\u2019\u00e9tude, d\u2019embryon. Ouvrir ce groupe \u00e0 tous permettrait, s\u2019il est couronn\u00e9 de succ\u00e8s, d\u2019\u00e9largir la base de la sph\u00e8re \u00ab\u00a0Pureux\u00a0\u00bb, et peut-\u00eatre d\u2019assurer ainsi la p\u00e9rennit\u00e9 de la Compagnie.<\/span><\/h3>\n<h2 align=\"justify\"><span style=\"color: #333300;\">\u00a0\u00a0\u00a0\u00a0\u00a0\u00a0\u00a0\u00a0\u00a0\u00a0\u00a0\u00a0\u00a0\u00a0\u00a0\u00a0\u00a0\u00a0\u00a0\u00a0\u00a0\u00a0\u00a0\u00a0\u00a0\u00a0\u00a0\u00a0\u00a0\u00a0\u00a0\u00a0\u00a0\u00a0\u00a0\u00a0\u00a0\u00a0\u00a0\u00a0\u00a0\u00a0\u00a0\u00a0\u00a0\u00a0\u00a0\u00a0\u00a0\u00a0\u00a0\u00a0\u00a0\u00a0\u00a0\u00a0\u00a0\u00a0\u00a0\u00a0\u00a0\u00a0\u00a0\u00a0 Venez-nombreux nous rejoindre, nous aider \u00e0 d\u00e9velopper par les id\u00e9es, par les projets, par les contacts, notre id\u00e9al de fraternit\u00e9, d\u2019ouverture \u00e0 l\u2019autre, de tol\u00e9rance. Nous avons besoin de vous, quelle que soit la hauteur de votre engagement. Il est \u00e9vident que la soci\u00e9t\u00e9 tout enti\u00e8re a plus que jamais besoin de groupes, associations, mouvements qui luttent contre l\u2019\u00e9go\u00efsme, le \u00ab\u00a0tout fric\u00a0\u00bb, l\u2019isolement cr\u00e9\u00e9 par les technologies modernes, les exclusions de tout ordre, les fanatismes les plus fous.<\/span><\/h2>\n<\/li>\n<\/ul>\n<h3 class=\"western\" align=\"justify\">\u00a0\u00a0\u00a0\u00a0\u00a0\u00a0 <span style=\"color: #0000ff;\">Merci de votre attention<\/span>.<\/h3>\n<h3 align=\"justify\"><span style=\"color: #ff6600;\"> \u00a0\u00a0\u00a0\u00a0<\/span><\/h3>\n<p align=\"justify\">\n","protected":false},"excerpt":{"rendered":"<p>\u00a0\u00a0\u00a0\u00a0\u00a0\u00a0\u00a0\u00a0\u00a0\u00a0\u00a0\u00a0\u00a0\u00a0\u00a0\u00a0\u00a0\u00a0\u00a0\u00a0\u00a0\u00a0\u00a0\u00a0\u00a0\u00a0\u00a0\u00a0\u00a0\u00a0\u00a0\u00a0\u00a0\u00a0\u00a0\u00a0\u00a0\u00a0\u00a0\u00a0\u00a0\u00a0\u00a0\u00a0\u00a0\u00a0\u00a0\u00a0\u00a0\u00a0\u00a0\u00a0\u00a0 Le bilan g\u00e9n\u00e9ral et en particulier le bilan d&#8217;activit\u00e9s nous sont d\u00e9taill\u00e9s par notre pr\u00e9sident Remerciements et excuses Je vous transmets les excuses de M. le Maire, de Mme Lasseron qui rempla\u00e7ait l\u2019an dernier[&#8230;]<\/p>\n","protected":false},"author":1,"featured_media":0,"comment_status":"open","ping_status":"open","sticky":false,"template":"","format":"standard","meta":{"jetpack_post_was_ever_published":false,"_jetpack_newsletter_access":"","_jetpack_dont_email_post_to_subs":false,"_jetpack_newsletter_tier_id":0,"_jetpack_memberships_contains_paywalled_content":false,"_jetpack_memberships_contains_paid_content":false,"footnotes":"","jetpack_publicize_message":"","jetpack_publicize_feature_enabled":true,"jetpack_social_post_already_shared":true,"jetpack_social_options":{"image_generator_settings":{"template":"highway","default_image_id":0,"font":"","enabled":false},"version":2}},"categories":[1],"tags":[],"class_list":["post-752","post","type-post","status-publish","format-standard","hentry","category-les-dernieres-nouvelles"],"jetpack_publicize_connections":[],"jetpack_featured_media_url":"","jetpack_sharing_enabled":true,"jetpack_shortlink":"https:\/\/wp.me\/p8QBzY-c8","jetpack-related-posts":[],"_links":{"self":[{"href":"https:\/\/pureux.org\/index.php\/wp-json\/wp\/v2\/posts\/752","targetHints":{"allow":["GET"]}}],"collection":[{"href":"https:\/\/pureux.org\/index.php\/wp-json\/wp\/v2\/posts"}],"about":[{"href":"https:\/\/pureux.org\/index.php\/wp-json\/wp\/v2\/types\/post"}],"author":[{"embeddable":true,"href":"https:\/\/pureux.org\/index.php\/wp-json\/wp\/v2\/users\/1"}],"replies":[{"embeddable":true,"href":"https:\/\/pureux.org\/index.php\/wp-json\/wp\/v2\/comments?post=752"}],"version-history":[{"count":6,"href":"https:\/\/pureux.org\/index.php\/wp-json\/wp\/v2\/posts\/752\/revisions"}],"predecessor-version":[{"id":2176,"href":"https:\/\/pureux.org\/index.php\/wp-json\/wp\/v2\/posts\/752\/revisions\/2176"}],"wp:attachment":[{"href":"https:\/\/pureux.org\/index.php\/wp-json\/wp\/v2\/media?parent=752"}],"wp:term":[{"taxonomy":"category","embeddable":true,"href":"https:\/\/pureux.org\/index.php\/wp-json\/wp\/v2\/categories?post=752"},{"taxonomy":"post_tag","embeddable":true,"href":"https:\/\/pureux.org\/index.php\/wp-json\/wp\/v2\/tags?post=752"}],"curies":[{"name":"wp","href":"https:\/\/api.w.org\/{rel}","templated":true}]}}