{"id":237,"date":"2017-04-05T13:37:53","date_gmt":"2017-04-05T12:37:53","guid":{"rendered":"https:\/\/sitedespureux.wordpress.com\/?p=237"},"modified":"2017-04-05T13:37:53","modified_gmt":"2017-04-05T12:37:53","slug":"les-enfants-avec-les-pureux","status":"publish","type":"post","link":"https:\/\/pureux.org\/index.php\/2017\/04\/05\/les-enfants-avec-les-pureux\/","title":{"rendered":"Les enfants avec les Pureux"},"content":{"rendered":"<h2 class=\"western\"><b>Guid\u00e9s par Colas, tous les enfants contre la b\u00eate.<\/b><\/h2>\n<p class=\"western\" align=\"justify\">Lors de la quatri\u00e8me joyeuse s\u00e9ance d\u2019atelier p\u00e9ri-scolaire, dans le cadre du contrat de ville \u2013 \u00e9cole qui d\u00e9sire mettre en valeur des travaux sur le th\u00e8me de la ville et du patrimoine local, 16 enfants volontaires de l\u2019\u00c9cole de Bellefori\u00e8re ont fignol\u00e9 leurs costumes.<!--more-->Apr\u00e8s avoir \u00e9cout\u00e9 l&#8217;histoire de Colas et du Pureux, l\u00e9gende* maintenant bien ancr\u00e9e dans la conscience collective de Roost-Warendin et des environs, ils ont particip\u00e9 avec enthousiasme \u00e0 des ateliers de couture et de bricolage le lundi \u00e0 partir de 16h15. Ils \u00e9taient aid\u00e9s par les Pureux Nipette, Mautilus, Patapon, Pitaine, Papa, Grain d\u2019sel, les couturi\u00e8res Fran\u00e7oise et Marie Andr\u00e9, M\u00e9ry\u00e8me et des parents d\u2019\u00e9l\u00e8ves.<\/p>\n<p class=\"western\" align=\"justify\">Ils ont trac\u00e9 au compas, d\u00e9coup\u00e9 du <img data-recalc-dims=\"1\" loading=\"lazy\" decoding=\"async\" class=\"  wp-image-245 alignright\" src=\"https:\/\/i0.wp.com\/pureux.org\/wp-content\/uploads\/2017\/04\/20170206-atelier-chapeaux.jpg?resize=382%2C215&#038;ssl=1\" alt=\"20170206 Atelier chapeaux\" width=\"382\" height=\"215\" \/>feutre pour leurs chapeaux, d\u00e9chir\u00e9 du coton pour tresser leurs cordeli\u00e8res, habill\u00e9 leurs b\u00e2tons de rubans de couleur et de grelots, arm\u00e9 leurs masques d&#8217;un \u00e9lastique solide&#8230;<\/p>\n<p>&nbsp;<\/p>\n<p class=\"western\" align=\"justify\">Ce lundi 20 mars, ils ont accueilli Mr le Maire, fiers et en ordre, avec une ovation de frappe de b\u00e2ton au sol, et en lui faisant une d\u00e9monstration du pas rythm\u00e9 des Pureux.<\/p>\n<p><a name=\"_GoBack\"><\/a>Ils sont fin pr\u00eats pour combattre l&#8217;Estreimbiesse, qui ne manquera pas de les impressionner mais dont ils viendront tr\u00e8s certainement \u00e0 bout. Dimanche 29 avril apr\u00e8s-midi, ils entra\u00eeneront derri\u00e8re eux bien d&#8217;autres enfants des environs, pour repousser la b\u00eate comme l&#8217;a fait Colas qui a su \u00e9couter l&#8217;enseignement de Pureux\u00a0!<\/p>\n\n<p><em><b><a href=\"https:\/\/sitedespureux.wordpress.com\/la-fete\/\">F\u00eate des Pureux<\/a><\/b><\/em> :<\/p>\n<ul>\n<li>vendredi 28\/04 soir distribution de la soupe aux maisons pavois\u00e9es<\/li>\n<li>samedi 29\/04 marche gueularde, envol des lanternes de la fraternit\u00e9,<\/li>\n<li>soir\u00e9e en musique et th\u00e9\u00e2tre dans la ferme du ch\u00e2teau<\/li>\n<li>dimanche 30\/04 repas du grind&#8217;ramissache, musique, danses, th\u00e9\u00e2tre, combat contre le dragon<\/li>\n<\/ul>\n<p class=\"western\">* <a href=\"https:\/\/sitedespureux.wordpress.com\/legende-de-chpureux\/\"><i><b>La l\u00e9gende de Ch&#8217;Pureux<\/b><\/i> <\/a>6\u20ac \u00e0 demander au n\u00b0 0630205675 (G\u00e9rard Couche)<\/p>\n<p>&nbsp;<\/p>\n","protected":false},"excerpt":{"rendered":"<p>Guid\u00e9s par Colas, tous les enfants contre la b\u00eate. Lors de la quatri\u00e8me joyeuse s\u00e9ance d\u2019atelier p\u00e9ri-scolaire, dans le cadre du contrat de ville \u2013 \u00e9cole qui d\u00e9sire mettre en valeur des travaux sur le[&#8230;]<\/p>\n","protected":false},"author":3,"featured_media":0,"comment_status":"open","ping_status":"open","sticky":false,"template":"","format":"standard","meta":{"jetpack_post_was_ever_published":false,"_jetpack_newsletter_access":"","_jetpack_dont_email_post_to_subs":false,"_jetpack_newsletter_tier_id":0,"_jetpack_memberships_contains_paywalled_content":false,"_jetpack_memberships_contains_paid_content":false,"footnotes":"","jetpack_publicize_message":"","jetpack_publicize_feature_enabled":true,"jetpack_social_post_already_shared":false,"jetpack_social_options":{"image_generator_settings":{"template":"highway","default_image_id":0,"font":"","enabled":false},"version":2}},"categories":[1],"tags":[],"class_list":["post-237","post","type-post","status-publish","format-standard","hentry","category-les-dernieres-nouvelles"],"jetpack_publicize_connections":[],"jetpack_featured_media_url":"","jetpack_sharing_enabled":true,"jetpack_shortlink":"https:\/\/wp.me\/p8QBzY-3P","jetpack-related-posts":[],"_links":{"self":[{"href":"https:\/\/pureux.org\/index.php\/wp-json\/wp\/v2\/posts\/237","targetHints":{"allow":["GET"]}}],"collection":[{"href":"https:\/\/pureux.org\/index.php\/wp-json\/wp\/v2\/posts"}],"about":[{"href":"https:\/\/pureux.org\/index.php\/wp-json\/wp\/v2\/types\/post"}],"author":[{"embeddable":true,"href":"https:\/\/pureux.org\/index.php\/wp-json\/wp\/v2\/users\/3"}],"replies":[{"embeddable":true,"href":"https:\/\/pureux.org\/index.php\/wp-json\/wp\/v2\/comments?post=237"}],"version-history":[{"count":0,"href":"https:\/\/pureux.org\/index.php\/wp-json\/wp\/v2\/posts\/237\/revisions"}],"wp:attachment":[{"href":"https:\/\/pureux.org\/index.php\/wp-json\/wp\/v2\/media?parent=237"}],"wp:term":[{"taxonomy":"category","embeddable":true,"href":"https:\/\/pureux.org\/index.php\/wp-json\/wp\/v2\/categories?post=237"},{"taxonomy":"post_tag","embeddable":true,"href":"https:\/\/pureux.org\/index.php\/wp-json\/wp\/v2\/tags?post=237"}],"curies":[{"name":"wp","href":"https:\/\/api.w.org\/{rel}","templated":true}]}}