{"id":1921,"date":"2019-04-30T15:47:40","date_gmt":"2019-04-30T13:47:40","guid":{"rendered":"http:\/\/pureux.org\/?p=1921"},"modified":"2019-04-30T15:47:40","modified_gmt":"2019-04-30T13:47:40","slug":"exposition-sur-les-femmes-pendant-la-grande-guerre","status":"publish","type":"post","link":"https:\/\/pureux.org\/index.php\/2019\/04\/30\/exposition-sur-les-femmes-pendant-la-grande-guerre\/","title":{"rendered":"Exposition sur les femmes pendant la grande guerre"},"content":{"rendered":"<p>&nbsp;<\/p>\n<p>&nbsp;<\/p>\n<h4 style=\"text-align: left;\">\u00a0\u00a0\u00a0\u00a0\u00a0\u00a0\u00a0\u00a0\u00a0\u00a0\u00a0\u00a0\u00a0\u00a0\u00a0\u00a0\u00a0\u00a0\u00a0\u00a0\u00a0\u00a0\u00a0\u00a0 Samedi 27, dimanche 28 et lundi 29 avril<\/h4>\n<h4 style=\"text-align: left;\">\u00a0\u00a0\u00a0\u00a0\u00a0\u00a0\u00a0\u00a0\u00a0\u00a0\u00a0\u00a0\u00a0\u00a0\u00a0\u00a0\u00a0\u00a0\u00a0\u00a0\u00a0\u00a0\u00a0\u00a0 dans le cadre de nos missions d&#8217;ouverture culturelle, et pendant le<br \/>\ncheminement vers la 30i\u00e8me f\u00eate, nous avons accueilli dans l&#8217;espace<br \/>\nmus\u00e9ographique de la ferme du Ch\u00e2teau de Bernicourt \u00e0 Roost-Warendin, une<br \/>\ntr\u00e8s belle exposition sur le travail des femmes pendant la 1\u00e8re guerre mondiale,<br \/>\npr\u00eat\u00e9e par le Syndicat Intercommunal de la R\u00e9gion d&#8217;Arleux<\/h4>\n<p><img data-recalc-dims=\"1\" loading=\"lazy\" decoding=\"async\" class=\"alignnone size-thumbnail wp-image-1923\" src=\"https:\/\/i0.wp.com\/pureux.org\/wp-content\/uploads\/2019\/04\/20190413_190629-2-130x130.jpg?resize=130%2C130&#038;ssl=1\" alt=\"\" width=\"130\" height=\"130\" \/>\u00a0 <img data-recalc-dims=\"1\" loading=\"lazy\" decoding=\"async\" class=\"alignnone size-thumbnail wp-image-1917\" src=\"https:\/\/i0.wp.com\/pureux.org\/wp-content\/uploads\/2019\/04\/20190428_173840-130x130.jpg?resize=130%2C130&#038;ssl=1\" alt=\"\" width=\"130\" height=\"130\" \/> <img data-recalc-dims=\"1\" loading=\"lazy\" decoding=\"async\" class=\"alignnone size-thumbnail wp-image-1916\" src=\"https:\/\/i0.wp.com\/pureux.org\/wp-content\/uploads\/2019\/04\/20190428_120608-130x130.jpg?resize=130%2C130&#038;ssl=1\" alt=\"\" width=\"130\" height=\"130\" \/> <img data-recalc-dims=\"1\" loading=\"lazy\" decoding=\"async\" class=\"alignnone size-thumbnail wp-image-1915\" src=\"https:\/\/i0.wp.com\/pureux.org\/wp-content\/uploads\/2019\/04\/20190428_173400-130x130.jpg?resize=130%2C130&#038;ssl=1\" alt=\"\" width=\"130\" height=\"130\" \/> <img data-recalc-dims=\"1\" loading=\"lazy\" decoding=\"async\" class=\"alignnone size-thumbnail wp-image-1914\" src=\"https:\/\/i0.wp.com\/pureux.org\/wp-content\/uploads\/2019\/04\/20190428_120207-130x130.jpg?resize=130%2C130&#038;ssl=1\" alt=\"\" width=\"130\" height=\"130\" \/><\/p>\n","protected":false},"excerpt":{"rendered":"<p>&nbsp; &nbsp; \u00a0\u00a0\u00a0\u00a0\u00a0\u00a0\u00a0\u00a0\u00a0\u00a0\u00a0\u00a0\u00a0\u00a0\u00a0\u00a0\u00a0\u00a0\u00a0\u00a0\u00a0\u00a0\u00a0\u00a0 Samedi 27, dimanche 28 et lundi 29 avril \u00a0\u00a0\u00a0\u00a0\u00a0\u00a0\u00a0\u00a0\u00a0\u00a0\u00a0\u00a0\u00a0\u00a0\u00a0\u00a0\u00a0\u00a0\u00a0\u00a0\u00a0\u00a0\u00a0\u00a0 dans le cadre de nos missions d&#8217;ouverture culturelle, et pendant le cheminement vers la 30i\u00e8me f\u00eate, nous avons accueilli dans l&#8217;espace mus\u00e9ographique de[&#8230;]<\/p>\n","protected":false},"author":1,"featured_media":0,"comment_status":"closed","ping_status":"closed","sticky":false,"template":"","format":"standard","meta":{"jetpack_post_was_ever_published":false,"_jetpack_newsletter_access":"","_jetpack_dont_email_post_to_subs":false,"_jetpack_newsletter_tier_id":0,"_jetpack_memberships_contains_paywalled_content":false,"_jetpack_memberships_contains_paid_content":false,"footnotes":"","jetpack_publicize_message":"","jetpack_publicize_feature_enabled":true,"jetpack_social_post_already_shared":true,"jetpack_social_options":{"image_generator_settings":{"template":"highway","default_image_id":0,"font":"","enabled":false},"version":2}},"categories":[1],"tags":[],"class_list":["post-1921","post","type-post","status-publish","format-standard","hentry","category-les-dernieres-nouvelles"],"jetpack_publicize_connections":[],"jetpack_featured_media_url":"","jetpack_sharing_enabled":true,"jetpack_shortlink":"https:\/\/wp.me\/p8QBzY-uZ","jetpack-related-posts":[],"_links":{"self":[{"href":"https:\/\/pureux.org\/index.php\/wp-json\/wp\/v2\/posts\/1921","targetHints":{"allow":["GET"]}}],"collection":[{"href":"https:\/\/pureux.org\/index.php\/wp-json\/wp\/v2\/posts"}],"about":[{"href":"https:\/\/pureux.org\/index.php\/wp-json\/wp\/v2\/types\/post"}],"author":[{"embeddable":true,"href":"https:\/\/pureux.org\/index.php\/wp-json\/wp\/v2\/users\/1"}],"replies":[{"embeddable":true,"href":"https:\/\/pureux.org\/index.php\/wp-json\/wp\/v2\/comments?post=1921"}],"version-history":[{"count":3,"href":"https:\/\/pureux.org\/index.php\/wp-json\/wp\/v2\/posts\/1921\/revisions"}],"predecessor-version":[{"id":1925,"href":"https:\/\/pureux.org\/index.php\/wp-json\/wp\/v2\/posts\/1921\/revisions\/1925"}],"wp:attachment":[{"href":"https:\/\/pureux.org\/index.php\/wp-json\/wp\/v2\/media?parent=1921"}],"wp:term":[{"taxonomy":"category","embeddable":true,"href":"https:\/\/pureux.org\/index.php\/wp-json\/wp\/v2\/categories?post=1921"},{"taxonomy":"post_tag","embeddable":true,"href":"https:\/\/pureux.org\/index.php\/wp-json\/wp\/v2\/tags?post=1921"}],"curies":[{"name":"wp","href":"https:\/\/api.w.org\/{rel}","templated":true}]}}